{"id":1385,"date":"2013-03-12T00:15:51","date_gmt":"2013-03-12T03:15:51","guid":{"rendered":"http:\/\/www.encontrasaobernardo.com.br\/noticias\/?p=1385"},"modified":"2019-04-12T16:41:27","modified_gmt":"2019-04-12T19:41:27","slug":"sao-bernardo-cria-projeto-de-lei-para-combater-comercio-de-moradias-publicas","status":"publish","type":"post","link":"https:\/\/www.encontrasaobernardo.com.br\/sobre\/sao-bernardo-cria-projeto-de-lei-para-combater-comercio-de-moradias-publicas\/","title":{"rendered":"S\u00e3o Bernardo cria projeto de lei para combater com\u00e9rcio de moradias p\u00fablicas"},"content":{"rendered":"<div class=\"b7a9cc72b38518383f4213f1240ff05a\" data-index=\"1\" style=\"float: none; margin:0px;\">\n<!-- Anuncio display - global -->\r\n<ins class=\"adsbygoogle\"\r\n     style=\"display:block\"\r\n     data-ad-client=\"ca-pub-8585364105181520\"\r\n     data-ad-slot=\"8789329856\"\r\n     data-ad-format=\"auto\"\r\n     data-full-width-responsive=\"true\"><\/ins>\r\n<script>\r\n     (adsbygoogle = window.adsbygoogle || []).push({});\r\n<\/script>\n<\/div>\n<p>S\u00e3o Bernardo encaminhou \u00e0 <a href=\"http:\/\/www.encontrasaobernardo.com.br\/sao-bernardo\/camara-municipal-sao-bernardo.shtml\" target=\"_blank\">C\u00e2mara Municipal de S\u00e3o Bernardo<\/a>, na sexta-feira (8), projeto de lei que regulamenta os procedimentos para a retomada de unidades habitacionais produzidas pelo poder p\u00fablico caso sejam comercializadas de forma irregular, seja por meio de venda, loca\u00e7\u00e3o ou mesmo cedidas.<\/p>\n<p>O projeto de lei prev\u00ea que, caso haja ind\u00edcios de comercializa\u00e7\u00e3o, os ocupantes do im\u00f3vel na cidade de S\u00e3o Bernardo ser\u00e3o notificados e ter\u00e3o um prazo para comprovar se est\u00e3o em situa\u00e7\u00e3o regular ou n\u00e3o. As que n\u00e3o comprovarem a regularidade dever\u00e3o deixar imediatamente a unidade habitacional. Do contr\u00e1rio, a Prefeitura far\u00e1 a desocupa\u00e7\u00e3o. Al\u00e9m disso, os que comercializaram irregularmente o im\u00f3vel poder\u00e3o responder criminalmente.<\/p>\n<p>As fam\u00edlias beneficiadas que comercializaram suas moradias n\u00e3o poder\u00e3o mais ser atendidas por programas habitacionais p\u00fablicos, sejam municipais, estaduais ou federais. As pessoas que adquiriram ilegalmente o apartamento perder\u00e3o o im\u00f3vel, que retornar\u00e1 \u00e0 Prefeitura de S\u00e3o Bernardo.<\/p>\n<p><strong>Conscientiza\u00e7\u00e3o<\/strong><\/p>\n<p>Como esclarece a Secretaria de Habita\u00e7\u00e3o, as fam\u00edlias atendidas com apartamentos s\u00e3o informadas, durante todo o per\u00edodo de execu\u00e7\u00e3o do projeto habitacional, que \u00e9 irregular a comercializa\u00e7\u00e3o dos im\u00f3veis produzidos pela Prefeitura.<\/p>\n<p>Nas reuni\u00f5es realizadas pelos t\u00e9cnicos da Prefeitura com as fam\u00edlias beneficiadas continuamente s\u00e3o reafirmadas as regras de n\u00e3o comercializa\u00e7\u00e3o. Esse trabalho de conscientiza\u00e7\u00e3o junto \u00e0s fam\u00edlias \u00e9 mantido por mais nove meses ap\u00f3s a conclus\u00e3o das obras nos conjuntos habitacionais.<\/p>\n<p>Essas regras da mesma forma est\u00e3o contidas no Termo de Permiss\u00e3o de Uso das unidades, assinados pelos benefici\u00e1rios antes de entrar na unidade. O Termo tamb\u00e9m define que as unidades devem ser usadas exclusivamente como moradia das pessoas cadastradas pelo poder p\u00fablico naquele projeto.<\/p>\n<p>De acordo com T\u00e1ssia Regino, secret\u00e1ria de Habita\u00e7\u00e3o de S\u00e3o Bernardo, s\u00e3o esclarecidas para as fam\u00edlias as regras da Pol\u00edtica Nacional de Habita\u00e7\u00e3o. &#8220;Cada fam\u00edlia s\u00f3 tem direito a um atendimento de moradia subsidiada pelo poder p\u00fablico em territ\u00f3rio nacional. Depois da fam\u00edlia ser atendida e assinar o Termo de Permiss\u00e3o de Uso, o nome dos benefici\u00e1rios \u00e9 inserido no Cadastro Nacional de Mutu\u00e1rios do Sistema Habitacional de Interesse Social, registrando o atendimento habitacional.&#8221;, informou.<\/p>\n<p><strong>N\u00fameros<\/strong><\/p>\n<p>Das 3.280 moradias entregues desde 2009, h\u00e1 den\u00fancias de que cerca de 50 unidades foram comercializadas irregularmente.<\/p>\n<p>Ap\u00f3s serem retomadas, as unidades ser\u00e3o destinadas para cerca de 1,5 mil fam\u00edlias que foram retiradas de \u00e1reas de risco ou moradias prec\u00e1rias e que atualmente s\u00e3o atendidas pelo programa de aluguel social da Prefeitura, o Renda Abrigo.<\/p>\n<p><em>Fonte: Rep\u00f3rter di\u00e1rio<\/em><\/p>\n\n<div style=\"font-size: 0px; height: 0px; line-height: 0px; margin: 0; padding: 0; clear: both;\"><\/div>","protected":false},"excerpt":{"rendered":"<p>S\u00e3o Bernardo encaminhou \u00e0 C\u00e2mara Municipal de S\u00e3o Bernardo, na sexta-feira (8), projeto de lei que regulamenta os procedimentos para a retomada de unidades habitacionais produzidas pelo poder p\u00fablico caso sejam comercializadas de forma irregular, seja por meio de venda, loca\u00e7\u00e3o ou mesmo cedidas. O projeto de lei prev\u00ea que, caso haja ind\u00edcios de comercializa\u00e7\u00e3o, os ocupantes do im\u00f3vel na cidade de S\u00e3o Bernardo ser\u00e3o notificados e ter\u00e3o um prazo para comprovar se est\u00e3o em situa\u00e7\u00e3o regular ou n\u00e3o. As que n\u00e3o comprovarem a regularidade dever\u00e3o deixar imediatamente a unidade habitacional. Do contr\u00e1rio, a Prefeitura far\u00e1 a desocupa\u00e7\u00e3o. Al\u00e9m disso, <\/p>\n","protected":false},"author":1,"featured_media":0,"comment_status":"open","ping_status":"closed","sticky":false,"template":"","format":"standard","meta":{"footnotes":""},"categories":[6],"tags":[14],"class_list":["post-1385","post","type-post","status-publish","format-standard","hentry","category-noticias-em-sao-bernardo","tag-sao-bernardo"],"aioseo_notices":[],"_links":{"self":[{"href":"https:\/\/www.encontrasaobernardo.com.br\/sobre\/wp-json\/wp\/v2\/posts\/1385","targetHints":{"allow":["GET"]}}],"collection":[{"href":"https:\/\/www.encontrasaobernardo.com.br\/sobre\/wp-json\/wp\/v2\/posts"}],"about":[{"href":"https:\/\/www.encontrasaobernardo.com.br\/sobre\/wp-json\/wp\/v2\/types\/post"}],"author":[{"embeddable":true,"href":"https:\/\/www.encontrasaobernardo.com.br\/sobre\/wp-json\/wp\/v2\/users\/1"}],"replies":[{"embeddable":true,"href":"https:\/\/www.encontrasaobernardo.com.br\/sobre\/wp-json\/wp\/v2\/comments?post=1385"}],"version-history":[{"count":0,"href":"https:\/\/www.encontrasaobernardo.com.br\/sobre\/wp-json\/wp\/v2\/posts\/1385\/revisions"}],"wp:attachment":[{"href":"https:\/\/www.encontrasaobernardo.com.br\/sobre\/wp-json\/wp\/v2\/media?parent=1385"}],"wp:term":[{"taxonomy":"category","embeddable":true,"href":"https:\/\/www.encontrasaobernardo.com.br\/sobre\/wp-json\/wp\/v2\/categories?post=1385"},{"taxonomy":"post_tag","embeddable":true,"href":"https:\/\/www.encontrasaobernardo.com.br\/sobre\/wp-json\/wp\/v2\/tags?post=1385"}],"curies":[{"name":"wp","href":"https:\/\/api.w.org\/{rel}","templated":true}]}}