{"id":1302,"date":"2013-02-08T12:51:53","date_gmt":"2013-02-08T15:51:53","guid":{"rendered":"http:\/\/www.encontrasaobernardo.com.br\/noticias\/?p=1302"},"modified":"2019-04-12T16:41:28","modified_gmt":"2019-04-12T19:41:28","slug":"falta-de-mesas-e-carteiras-cancela-aulas-em-escola-de-sao-bernardo","status":"publish","type":"post","link":"https:\/\/www.encontrasaobernardo.com.br\/sobre\/falta-de-mesas-e-carteiras-cancela-aulas-em-escola-de-sao-bernardo\/","title":{"rendered":"Falta de mesas e carteiras cancela aulas em escola de S\u00e3o Bernardo"},"content":{"rendered":"<div class=\"b7a9cc72b38518383f4213f1240ff05a\" data-index=\"1\" style=\"float: none; margin:0px;\">\n<!-- Anuncio display - global -->\r\n<ins class=\"adsbygoogle\"\r\n     style=\"display:block\"\r\n     data-ad-client=\"ca-pub-8585364105181520\"\r\n     data-ad-slot=\"8789329856\"\r\n     data-ad-format=\"auto\"\r\n     data-full-width-responsive=\"true\"><\/ins>\r\n<script>\r\n     (adsbygoogle = window.adsbygoogle || []).push({});\r\n<\/script>\n<\/div>\n<p>Os alunos da Escola Estadual S\u00e3o Pedro na cidade de S\u00e3o Bernardo do Campo, no ABC, est\u00e3o perdendo aulas devido \u00e0 falta de mesas e cadeiras nas salas de aula. O problema ocorre desde segunda-feira (4), quando teve in\u00edcio o ano letivo na rede estadual. Ainda n\u00e3o h\u00e1 previs\u00e3o de normaliza\u00e7\u00e3o das aulas. Em nota, a Secretaria Estadual da Educa\u00e7\u00e3o informou que tomou provid\u00eancias urgentes para corrigir a situa\u00e7\u00e3o e apurar responsabilidades.<\/p>\n<p>De acordo com a dire\u00e7\u00e3o, as mesas e carteiras foram quebradas pelos pr\u00f3prios estudantes durante o ano passado. No entanto, pais ouvidos pela reportagem<span style=\"font-size: 13px; line-height: 19px;\">\u00a0discordam e dizem que o local \u00e9 constantemente invadido por v\u00e2ndalos. Por causa da falta de m\u00f3veis, a dire\u00e7\u00e3o da unidade de ensino adotou um sistema de revezamento entre as turmas de cada s\u00e9rie, com a dispensa dos outros alunos.<\/span><\/p>\n<p>Pelo menos uma vez por semana, os estudantes da 5\u00ba s\u00e9rie do ensino fundamental ao 3\u00ba ano do ensino m\u00e9dio ficam sem aula. Tamb\u00e9m foi adotado um rod\u00edzio de disciplinas para que os alunos n\u00e3o percam sempre as mesmas aulas toda semana. \u201cDe quinta e sexta n\u00e3o tenho aula. \u00c9 ruim porque a gente vai ficar sem aprender v\u00e1rias coisas\u201d, disse um estudante de 14 anos, que est\u00e1 na 8\u00ba s\u00e9rie. N\u00e3o foi informado se haver\u00e1 reposi\u00e7\u00e3o das aulas perdidas.<\/p>\n<p>Durante esta semana, pais e respons\u00e1veis dos alunos foram chamados para participar de uma reuni\u00e3o em que foram comunicados sobre o revezamento. A Reportagem\u00a0apurou que quatro salas est\u00e3o vazias e n\u00e3o podem ser usadas. Al\u00e9m disso, em outras salas h\u00e1 faltas de m\u00f3veis escolares.<\/p>\n<p>\u201cAqui faltam carteiras. Um dia os alunos t\u00eam aula, no outro n\u00e3o t\u00eam. As crian\u00e7as precisam revezar para dar lugar para outra sentar. Assim n\u00e3o d\u00e1, o aluno perde aula e deixa de aprender\u201d, reclama a dona de casa Roseli Sivieri, 42 anos, que tem tr\u00eas filhos na institui\u00e7\u00e3o. \u201cEu acho isso um absurdo. Prejudica bastante o ensino dos meus filhos e dos outros alunos\u201d, disse o impressor de off set Jurandir Martins Ara\u00fajo, 35 anos.<\/p>\n<p>Al\u00e9m de terem o ensino prejudicado, os estudantes ficam sujeitos \u00e0 viol\u00eancia que ronda a escola. Muitos alunos que s\u00e3o dispensados, por causa da falta de estrutura no local, acabam ficando na rua e usando drogas. Por causa da viol\u00eancia da regi\u00e3o, muitas m\u00e3es ficam com medo e evitam falar sobre os problemas de vandalismo da escola.<\/p>\n<p>A escola diz que pediu mais cem conjuntos de carteiras e cadeiras para a Secretaria de Educa\u00e7\u00e3o em outubro do ano passado, mas ainda n\u00e3o teve a solicita\u00e7\u00e3o atendida.<\/p>\n<p><strong>Outro lado<\/strong><br \/>\nEm nota, a Secretaria Estadual da Educa\u00e7\u00e3o informou que ao tomar conhecimento do caso mencionado pela reportagem, determinou que o material necess\u00e1rio seja providenciado em car\u00e1ter de urg\u00eancia e que seja instaurada uma apura\u00e7\u00e3o preliminar de responsabilidades. Ainda segundo a secretaria, est\u00e3o sendo utilizadas provisoriamente na Escola Estadual S\u00e3o Pedro carteiras e cadeiras da reserva t\u00e9cnica de outras unidades de ensino da regi\u00e3o. Dessa forma, n\u00e3o houve necessidade de interrup\u00e7\u00e3o das aulas, segundo a Diretoria Regional de Ensino de S\u00e3o Bernardo.<\/p>\n<p><em>Fonte: G1<\/em><\/p>\n\n<div style=\"font-size: 0px; height: 0px; line-height: 0px; margin: 0; padding: 0; clear: both;\"><\/div>","protected":false},"excerpt":{"rendered":"<p>Os alunos da Escola Estadual S\u00e3o Pedro na cidade de S\u00e3o Bernardo do Campo, no ABC, est\u00e3o perdendo aulas devido \u00e0 falta de mesas e cadeiras nas salas de aula. O problema ocorre desde segunda-feira (4), quando teve in\u00edcio o ano letivo na rede estadual. Ainda n\u00e3o h\u00e1 previs\u00e3o de normaliza\u00e7\u00e3o das aulas. Em nota, a Secretaria Estadual da Educa\u00e7\u00e3o informou que tomou provid\u00eancias urgentes para corrigir a situa\u00e7\u00e3o e apurar responsabilidades. De acordo com a dire\u00e7\u00e3o, as mesas e carteiras foram quebradas pelos pr\u00f3prios estudantes durante o ano passado. No entanto, pais ouvidos pela reportagem\u00a0discordam e dizem que o <\/p>\n","protected":false},"author":1,"featured_media":0,"comment_status":"open","ping_status":"closed","sticky":false,"template":"","format":"standard","meta":{"footnotes":""},"categories":[6],"tags":[14],"class_list":["post-1302","post","type-post","status-publish","format-standard","hentry","category-noticias-em-sao-bernardo","tag-sao-bernardo"],"aioseo_notices":[],"_links":{"self":[{"href":"https:\/\/www.encontrasaobernardo.com.br\/sobre\/wp-json\/wp\/v2\/posts\/1302","targetHints":{"allow":["GET"]}}],"collection":[{"href":"https:\/\/www.encontrasaobernardo.com.br\/sobre\/wp-json\/wp\/v2\/posts"}],"about":[{"href":"https:\/\/www.encontrasaobernardo.com.br\/sobre\/wp-json\/wp\/v2\/types\/post"}],"author":[{"embeddable":true,"href":"https:\/\/www.encontrasaobernardo.com.br\/sobre\/wp-json\/wp\/v2\/users\/1"}],"replies":[{"embeddable":true,"href":"https:\/\/www.encontrasaobernardo.com.br\/sobre\/wp-json\/wp\/v2\/comments?post=1302"}],"version-history":[{"count":0,"href":"https:\/\/www.encontrasaobernardo.com.br\/sobre\/wp-json\/wp\/v2\/posts\/1302\/revisions"}],"wp:attachment":[{"href":"https:\/\/www.encontrasaobernardo.com.br\/sobre\/wp-json\/wp\/v2\/media?parent=1302"}],"wp:term":[{"taxonomy":"category","embeddable":true,"href":"https:\/\/www.encontrasaobernardo.com.br\/sobre\/wp-json\/wp\/v2\/categories?post=1302"},{"taxonomy":"post_tag","embeddable":true,"href":"https:\/\/www.encontrasaobernardo.com.br\/sobre\/wp-json\/wp\/v2\/tags?post=1302"}],"curies":[{"name":"wp","href":"https:\/\/api.w.org\/{rel}","templated":true}]}}