{"id":1268,"date":"2013-01-24T00:23:25","date_gmt":"2013-01-24T03:23:25","guid":{"rendered":"http:\/\/www.encontrasaobernardo.com.br\/noticias\/?p=1268"},"modified":"2019-04-12T16:41:29","modified_gmt":"2019-04-12T19:41:29","slug":"vila-vivaldi-quer-incendiar-a-avenida-no-carnaval-de-sao-bernardo","status":"publish","type":"post","link":"https:\/\/www.encontrasaobernardo.com.br\/sobre\/vila-vivaldi-quer-incendiar-a-avenida-no-carnaval-de-sao-bernardo\/","title":{"rendered":"Vila Vivaldi quer incendiar a avenida no Carnaval de S\u00e3o Bernardo"},"content":{"rendered":"<div class=\"b7a9cc72b38518383f4213f1240ff05a\" data-index=\"1\" style=\"float: none; margin:0px;\">\n<!-- Anuncio display - global -->\r\n<ins class=\"adsbygoogle\"\r\n     style=\"display:block\"\r\n     data-ad-client=\"ca-pub-8585364105181520\"\r\n     data-ad-slot=\"8789329856\"\r\n     data-ad-format=\"auto\"\r\n     data-full-width-responsive=\"true\"><\/ins>\r\n<script>\r\n     (adsbygoogle = window.adsbygoogle || []).push({});\r\n<\/script>\n<\/div>\n<p>A Acad\u00eamicos de Vila Vivaldi promete fazer a Avenida Aldino Pinotti, em S\u00e3o Bernardo, pegar fogo no dia 10 de fevereiro, \u00e0 partir das 23h. Isso porque o enredo deste ano, Do Fogo \u00e0 Luz, da Luz \u00e0\u00a0Evolu\u00e7\u00e3o, mostra o avan\u00e7o da humanidade a partir do descobrimento do elemento. A diretoria garante show pirot\u00e9cnico para animar os foli\u00f5es.<\/p>\n<p>A ideia do desfile \u00e9 lembrar a import\u00e2ncia da descoberta do fogo para o\u00a0homem, mostrando seu uso para cozinhar alimentos, iluminar e fabricar in\u00fameros artefatos, al\u00e9m da contribui\u00e7\u00e3o cedida a diversas \u00e1reas do conhecimento.<\/p>\n<p>O carro abre-alas tem 30 metros de comprimento e levar\u00e1 dois tigres (animal s\u00edmbolo da Vila Vivaldi), ao lado da representa\u00e7\u00e3o do fogo usado para a magia, com deuses maias e vulc\u00f5es. &#8220;Ningu\u00e9m precisa ficar com medo do nosso desfile. Apesar da queima de fogos, os\u00a0carros\u00a0ser\u00e3o feitos com papel metalizado e fuma\u00e7a especial, n\u00e3o h\u00e1 perigo de inc\u00eandio&#8221;, garantiu o carnavalesco Sideralto Ara\u00fajo Salles, 51 anos, o\u00a0<em>D\u00eara<\/em>.<\/p>\n<p>A escola contar\u00e1 com 12 alas na avenida, incluindo a das baianas, e aproximadamente 450 componentes. Neste ano, as crian\u00e7as desfilam em cima da alegoria que representa as locomotivas a vapor. De acordo com a organiza\u00e7\u00e3o, \u00e9 mais seguro para os pequenos que ficarem no ch\u00e3o.<\/p>\n<p>Desde outubro, cerca de 25 pessoas contribuem diariamente na confec\u00e7\u00e3o das fantasias e dos carros aleg\u00f3ricos. A rotina de trabalho come\u00e7a \u00e0s 7h e s\u00f3 termina junto com o pique dos volunt\u00e1rios. &#8220;O bom \u00e9 que todos encaram isso de forma leve. Vir aqui trabalhar \u00e9 divertido, mas as pessoas sabem que tamb\u00e9m \u00e9 algo s\u00e9rio. E cada um ajuda como pode:\u00a0limpando, cozinhando e costurando&#8221;, afirmou o presidente da escola, Jos\u00e9 Carlos de Lima, 44, o<em>Cal\u00e9<\/em>.<\/p>\n<p>No s\u00e1bado, a partir das 13h30, a agremia\u00e7\u00e3o promove tradicional feijoada com pagode no bairro para ajudar a levantar fundos para a realiza\u00e7\u00e3o da Folia.<\/p>\n<p><strong style=\"font-size: 13px;\">Harmonia \u00e9 dirigida por quem nasceu em meio ao samba<\/strong><\/p>\n<p>Quem frequenta escolas de samba sabe que \u00e9 comum ver fam\u00edlias inteiras envolvidas com a prepara\u00e7\u00e3o do Carnaval. N\u00e3o foi diferente com Valdir Barbosa, 50 anos, diretor de harmonia da Vila Vivaldi.<\/p>\n<p>Barbosa come\u00e7ou sua vida carnavalesca aos 7, incentivado pelos pais, que desfilavam na Imp\u00e9rio do Samba, antiga escola da cidade. &#8220;Me lembro de sair na avenida quando a Folia era realizada na Rua Marechal Deodoro. Crescer em meio a essa bagun\u00e7a \u00e9 uma del\u00edcia, todo mundo participa, todos cuidam das crian\u00e7as, todos preparam as comidas. \u00c9 uma fam\u00edlia. Aqui, fomos criados juntos, ent\u00e3o s\u00e3o amigos de inf\u00e2ncia que tenho o prazer de conviver todos os dias&#8221;, garantiu.<\/p>\n<p>Para o diretor de harmonia, participar dos preparativos \u00e9 uma honra, mas tamb\u00e9m grande responsabilidade, pois \u00e9 ele quem est\u00e1 incumbido por fazer com que todos os elementos do desfile estejam em sintonia. &#8220;\u00c9 uma rotina e tanto. Tenho que ficar de olho em tudo. Saber como anda a evolu\u00e7\u00e3o da bateria, como est\u00e3o as fantasias, o enredo. \u00c9 como ser o supervisor de todo o evento. E \u00e9 claro que n\u00e3o fa\u00e7o isso sozinho. Apesar do t\u00edtulo, recebo ajuda dos integrantes para fiscalizar essa festa linda que estamos preparando&#8221;, destacou.<\/p>\n<p>De acordo com o diretor de harmonia, a escola tem muita chance de levar o trof\u00e9u neste ano. &#8220;Estamos bem ensaiados e a confec\u00e7\u00e3o das fantasias est\u00e1 adiantada. Acredito que neste ano vamos chegar l\u00e1&#8221;.<\/p>\n<p><em>Fonte: Di\u00e1rio do Grande ABC<\/em><\/p>\n\n<div style=\"font-size: 0px; height: 0px; line-height: 0px; margin: 0; padding: 0; clear: both;\"><\/div>","protected":false},"excerpt":{"rendered":"<p>A Acad\u00eamicos de Vila Vivaldi promete fazer a Avenida Aldino Pinotti, em S\u00e3o Bernardo, pegar fogo no dia 10 de fevereiro, \u00e0 partir das 23h. Isso porque o enredo deste ano, Do Fogo \u00e0 Luz, da Luz \u00e0\u00a0Evolu\u00e7\u00e3o, mostra o avan\u00e7o da humanidade a partir do descobrimento do elemento. A diretoria garante show pirot\u00e9cnico para animar os foli\u00f5es. A ideia do desfile \u00e9 lembrar a import\u00e2ncia da descoberta do fogo para o\u00a0homem, mostrando seu uso para cozinhar alimentos, iluminar e fabricar in\u00fameros artefatos, al\u00e9m da contribui\u00e7\u00e3o cedida a diversas \u00e1reas do conhecimento. O carro abre-alas tem 30 metros de comprimento <\/p>\n","protected":false},"author":1,"featured_media":0,"comment_status":"open","ping_status":"closed","sticky":false,"template":"","format":"standard","meta":{"footnotes":""},"categories":[6],"tags":[14],"class_list":["post-1268","post","type-post","status-publish","format-standard","hentry","category-noticias-em-sao-bernardo","tag-sao-bernardo"],"aioseo_notices":[],"_links":{"self":[{"href":"https:\/\/www.encontrasaobernardo.com.br\/sobre\/wp-json\/wp\/v2\/posts\/1268","targetHints":{"allow":["GET"]}}],"collection":[{"href":"https:\/\/www.encontrasaobernardo.com.br\/sobre\/wp-json\/wp\/v2\/posts"}],"about":[{"href":"https:\/\/www.encontrasaobernardo.com.br\/sobre\/wp-json\/wp\/v2\/types\/post"}],"author":[{"embeddable":true,"href":"https:\/\/www.encontrasaobernardo.com.br\/sobre\/wp-json\/wp\/v2\/users\/1"}],"replies":[{"embeddable":true,"href":"https:\/\/www.encontrasaobernardo.com.br\/sobre\/wp-json\/wp\/v2\/comments?post=1268"}],"version-history":[{"count":0,"href":"https:\/\/www.encontrasaobernardo.com.br\/sobre\/wp-json\/wp\/v2\/posts\/1268\/revisions"}],"wp:attachment":[{"href":"https:\/\/www.encontrasaobernardo.com.br\/sobre\/wp-json\/wp\/v2\/media?parent=1268"}],"wp:term":[{"taxonomy":"category","embeddable":true,"href":"https:\/\/www.encontrasaobernardo.com.br\/sobre\/wp-json\/wp\/v2\/categories?post=1268"},{"taxonomy":"post_tag","embeddable":true,"href":"https:\/\/www.encontrasaobernardo.com.br\/sobre\/wp-json\/wp\/v2\/tags?post=1268"}],"curies":[{"name":"wp","href":"https:\/\/api.w.org\/{rel}","templated":true}]}}