{"id":1252,"date":"2013-01-17T00:48:30","date_gmt":"2013-01-17T03:48:30","guid":{"rendered":"http:\/\/www.encontrasaobernardo.com.br\/noticias\/?p=1252"},"modified":"2019-04-12T16:41:29","modified_gmt":"2019-04-12T19:41:29","slug":"ex-seccional-do-litoral-assume-policia-de-s-bernardo","status":"publish","type":"post","link":"https:\/\/www.encontrasaobernardo.com.br\/sobre\/ex-seccional-do-litoral-assume-policia-de-s-bernardo\/","title":{"rendered":"Ex-seccional do Litoral assume pol\u00edcia de S.Bernardo"},"content":{"rendered":"<div class=\"b7a9cc72b38518383f4213f1240ff05a\" data-index=\"1\" style=\"float: none; margin:0px;\">\n<!-- Anuncio display - global -->\r\n<ins class=\"adsbygoogle\"\r\n     style=\"display:block\"\r\n     data-ad-client=\"ca-pub-8585364105181520\"\r\n     data-ad-slot=\"8789329856\"\r\n     data-ad-format=\"auto\"\r\n     data-full-width-responsive=\"true\"><\/ins>\r\n<script>\r\n     (adsbygoogle = window.adsbygoogle || []).push({});\r\n<\/script>\n<\/div>\n<p>A dire\u00e7\u00e3o-geral da Pol\u00edcia Civil\u00a0anunciou\u00a0ontem que Waldomiro Bueno Filho assume o cargo de delegado seccional de S\u00e3o Bernardo, que atende tamb\u00e9m S\u00e3o Caetano. A nomea\u00e7\u00e3o deve ser oficializada hoje no Di\u00e1rio Oficial. Ele substitui Rafael Rabinovici, que estava no posto desde janeiro de 2010.<\/p>\n<p>Bueno, que iniciou a carreira como delegado em 1983, passou os \u00faltimo seis anos como diretor da Pol\u00edcia Civil na Baixada Santista e tamb\u00e9m do Vale do Ribeira. Procurado, ele n\u00e3o respondeu ao pedido de entrevista feito pelo Di\u00e1rio.<\/p>\n<p>As mudan\u00e7as eram previstas e fazem parte da\u00a0estrat\u00e9gia\u00a0do novo diretor do Demacro (Departamento de Pol\u00edcia Judici\u00e1ria da Macro S\u00e3o Paulo), Paulo Afonso Bicudo, respons\u00e1vel pela regi\u00e3o. A expectativa hoje \u00e9 pelo an\u00fancio do novo delegado seccional da cidade de Santo Andr\u00e9, que atende tamb\u00e9m Mau\u00e1, Ribeir\u00e3o Pires e Rio Grande da Serra.<\/p>\n<p><em>Fonte: Di\u00e1rio do Grande ABC<\/em><\/p>\n\n<div style=\"font-size: 0px; height: 0px; line-height: 0px; margin: 0; padding: 0; clear: both;\"><\/div>","protected":false},"excerpt":{"rendered":"<p>A dire\u00e7\u00e3o-geral da Pol\u00edcia Civil\u00a0anunciou\u00a0ontem que Waldomiro Bueno Filho assume o cargo de delegado seccional de S\u00e3o Bernardo, que atende tamb\u00e9m S\u00e3o Caetano. A nomea\u00e7\u00e3o deve ser oficializada hoje no Di\u00e1rio Oficial. Ele substitui Rafael Rabinovici, que estava no posto desde janeiro de 2010. Bueno, que iniciou a carreira como delegado em 1983, passou os \u00faltimo seis anos como diretor da Pol\u00edcia Civil na Baixada Santista e tamb\u00e9m do Vale do Ribeira. Procurado, ele n\u00e3o respondeu ao pedido de entrevista feito pelo Di\u00e1rio. As mudan\u00e7as eram previstas e fazem parte da\u00a0estrat\u00e9gia\u00a0do novo diretor do Demacro (Departamento de Pol\u00edcia Judici\u00e1ria da <\/p>\n","protected":false},"author":1,"featured_media":0,"comment_status":"open","ping_status":"closed","sticky":false,"template":"","format":"standard","meta":{"footnotes":""},"categories":[6],"tags":[14],"class_list":["post-1252","post","type-post","status-publish","format-standard","hentry","category-noticias-em-sao-bernardo","tag-sao-bernardo"],"aioseo_notices":[],"_links":{"self":[{"href":"https:\/\/www.encontrasaobernardo.com.br\/sobre\/wp-json\/wp\/v2\/posts\/1252","targetHints":{"allow":["GET"]}}],"collection":[{"href":"https:\/\/www.encontrasaobernardo.com.br\/sobre\/wp-json\/wp\/v2\/posts"}],"about":[{"href":"https:\/\/www.encontrasaobernardo.com.br\/sobre\/wp-json\/wp\/v2\/types\/post"}],"author":[{"embeddable":true,"href":"https:\/\/www.encontrasaobernardo.com.br\/sobre\/wp-json\/wp\/v2\/users\/1"}],"replies":[{"embeddable":true,"href":"https:\/\/www.encontrasaobernardo.com.br\/sobre\/wp-json\/wp\/v2\/comments?post=1252"}],"version-history":[{"count":0,"href":"https:\/\/www.encontrasaobernardo.com.br\/sobre\/wp-json\/wp\/v2\/posts\/1252\/revisions"}],"wp:attachment":[{"href":"https:\/\/www.encontrasaobernardo.com.br\/sobre\/wp-json\/wp\/v2\/media?parent=1252"}],"wp:term":[{"taxonomy":"category","embeddable":true,"href":"https:\/\/www.encontrasaobernardo.com.br\/sobre\/wp-json\/wp\/v2\/categories?post=1252"},{"taxonomy":"post_tag","embeddable":true,"href":"https:\/\/www.encontrasaobernardo.com.br\/sobre\/wp-json\/wp\/v2\/tags?post=1252"}],"curies":[{"name":"wp","href":"https:\/\/api.w.org\/{rel}","templated":true}]}}