{"id":1245,"date":"2013-01-15T00:33:27","date_gmt":"2013-01-15T03:33:27","guid":{"rendered":"http:\/\/www.encontrasaobernardo.com.br\/noticias\/?p=1245"},"modified":"2019-04-12T16:41:29","modified_gmt":"2019-04-12T19:41:29","slug":"obra-paralisada-em-sao-bernardo-gera-transtornos","status":"publish","type":"post","link":"https:\/\/www.encontrasaobernardo.com.br\/sobre\/obra-paralisada-em-sao-bernardo-gera-transtornos\/","title":{"rendered":"Obra paralisada em S\u00e3o Bernardo gera transtornos"},"content":{"rendered":"<div class=\"b7a9cc72b38518383f4213f1240ff05a\" data-index=\"1\" style=\"float: none; margin:0px;\">\n<!-- Anuncio display - global -->\r\n<ins class=\"adsbygoogle\"\r\n     style=\"display:block\"\r\n     data-ad-client=\"ca-pub-8585364105181520\"\r\n     data-ad-slot=\"8789329856\"\r\n     data-ad-format=\"auto\"\r\n     data-full-width-responsive=\"true\"><\/ins>\r\n<script>\r\n     (adsbygoogle = window.adsbygoogle || []).push({});\r\n<\/script>\n<\/div>\n<p>Quem mora na Rua Alagoas, no Jardim Thelma, em S\u00e3o Bernardo, convive com obra de saneamento desde julho. No entanto, n\u00e3o h\u00e1 placa que indique do que se trata a interven\u00e7\u00e3o e a data para finaliza\u00e7\u00e3o. &#8220;Cada vez que ligamos na Prefeitura Municipal de S\u00e3o Bernardo, indicam prazo novo. Primeiro eram tr\u00eas meses, depois passou para 30 de dezembro e ainda est\u00e1 a\u00ed&#8221;, reclama a\u00a0administradora\u00a0de empresas Cleide Aparecida dos Reis, 42 anos.<\/p>\n<p>Por causa do\u00a0servi\u00e7o, a rua est\u00e1 cheia de terra e n\u00e3o \u00e9 poss\u00edvel passar com o carro. Por isso, alguns optaram por alugar garagens para deixar os ve\u00edculos. &#8220;Meu carro fica na rua mesmo. Ele est\u00e1 todo riscado porque n\u00e3o posso coloc\u00e1-lo em casa&#8221;, reclama Cleide.<\/p>\n<p>A moradora afirma que, por v\u00e1rias vezes, diversas pessoas tentaram contatar a Prefeitura. &#8220;At\u00e9 pedimos para ver o projeto, mas n\u00e3o mostraram.&#8221; Por causa dos temporais de ver\u00e3o, a situa\u00e7\u00e3o fica ainda pior, pois a \u00e1gua transforma a terra em lama. Cleide diz que, com a chuva de semana passada, a m\u00e1quina usada no trabalho afundou na terra no meio da noite. &#8220;Tiveram que trazer outro equipamento para tirar.&#8221;<\/p>\n<p>Cleide diz que, apesar das liga\u00e7\u00f5es, n\u00e3o sabe qual \u00e9 o\u00a0objetivo\u00a0da obra e exige o fim dos transtornos. &#8220;A \u00faltima vez que liguei, deram prazo de mais um m\u00eas, mas duvido que d\u00ea tempo.&#8221;<\/p>\n<p>Procurada, a administra\u00e7\u00e3o municipal informa que a obra foi paralisada por causa das intensas chuvas que atingem acidade\u00a0desde o come\u00e7o do ano. No local, est\u00e1 sendo realizada canaliza\u00e7\u00e3o, drenagem e implanta\u00e7\u00e3o de vi\u00e1rio. O Executivo afirma ainda que a placa de indica\u00e7\u00e3o est\u00e1 localizada na Rua S\u00e3o Jorge. O prazo para a conclus\u00e3o \u00e9 de dois meses.<\/p>\n<p><em>Fonte: Di\u00e1rio do Grande ABC<\/em><\/p>\n\n<div style=\"font-size: 0px; height: 0px; line-height: 0px; margin: 0; padding: 0; clear: both;\"><\/div>","protected":false},"excerpt":{"rendered":"<p>Quem mora na Rua Alagoas, no Jardim Thelma, em S\u00e3o Bernardo, convive com obra de saneamento desde julho. No entanto, n\u00e3o h\u00e1 placa que indique do que se trata a interven\u00e7\u00e3o e a data para finaliza\u00e7\u00e3o. &#8220;Cada vez que ligamos na Prefeitura Municipal de S\u00e3o Bernardo, indicam prazo novo. Primeiro eram tr\u00eas meses, depois passou para 30 de dezembro e ainda est\u00e1 a\u00ed&#8221;, reclama a\u00a0administradora\u00a0de empresas Cleide Aparecida dos Reis, 42 anos. Por causa do\u00a0servi\u00e7o, a rua est\u00e1 cheia de terra e n\u00e3o \u00e9 poss\u00edvel passar com o carro. Por isso, alguns optaram por alugar garagens para deixar os ve\u00edculos. <\/p>\n","protected":false},"author":1,"featured_media":0,"comment_status":"open","ping_status":"closed","sticky":false,"template":"","format":"standard","meta":{"footnotes":""},"categories":[6],"tags":[14],"class_list":["post-1245","post","type-post","status-publish","format-standard","hentry","category-noticias-em-sao-bernardo","tag-sao-bernardo"],"aioseo_notices":[],"_links":{"self":[{"href":"https:\/\/www.encontrasaobernardo.com.br\/sobre\/wp-json\/wp\/v2\/posts\/1245","targetHints":{"allow":["GET"]}}],"collection":[{"href":"https:\/\/www.encontrasaobernardo.com.br\/sobre\/wp-json\/wp\/v2\/posts"}],"about":[{"href":"https:\/\/www.encontrasaobernardo.com.br\/sobre\/wp-json\/wp\/v2\/types\/post"}],"author":[{"embeddable":true,"href":"https:\/\/www.encontrasaobernardo.com.br\/sobre\/wp-json\/wp\/v2\/users\/1"}],"replies":[{"embeddable":true,"href":"https:\/\/www.encontrasaobernardo.com.br\/sobre\/wp-json\/wp\/v2\/comments?post=1245"}],"version-history":[{"count":0,"href":"https:\/\/www.encontrasaobernardo.com.br\/sobre\/wp-json\/wp\/v2\/posts\/1245\/revisions"}],"wp:attachment":[{"href":"https:\/\/www.encontrasaobernardo.com.br\/sobre\/wp-json\/wp\/v2\/media?parent=1245"}],"wp:term":[{"taxonomy":"category","embeddable":true,"href":"https:\/\/www.encontrasaobernardo.com.br\/sobre\/wp-json\/wp\/v2\/categories?post=1245"},{"taxonomy":"post_tag","embeddable":true,"href":"https:\/\/www.encontrasaobernardo.com.br\/sobre\/wp-json\/wp\/v2\/tags?post=1245"}],"curies":[{"name":"wp","href":"https:\/\/api.w.org\/{rel}","templated":true}]}}