{"id":117,"date":"2011-02-08T16:44:53","date_gmt":"2011-02-08T18:44:53","guid":{"rendered":"http:\/\/www.encontrasaobernardo.com.br\/noticias\/?p=117"},"modified":"2019-04-12T16:45:21","modified_gmt":"2019-04-12T19:45:21","slug":"carreta-tomba-proximo-ao-rodoanel-em-sao-bernardo","status":"publish","type":"post","link":"https:\/\/www.encontrasaobernardo.com.br\/sobre\/carreta-tomba-proximo-ao-rodoanel-em-sao-bernardo\/","title":{"rendered":"Carreta tomba pr\u00f3ximo ao Rodoanel, em S\u00e3o Bernardo"},"content":{"rendered":"<div class=\"b7a9cc72b38518383f4213f1240ff05a\" data-index=\"1\" style=\"float: none; margin:0px;\">\n<!-- Anuncio display - global -->\r\n<ins class=\"adsbygoogle\"\r\n     style=\"display:block\"\r\n     data-ad-client=\"ca-pub-8585364105181520\"\r\n     data-ad-slot=\"8789329856\"\r\n     data-ad-format=\"auto\"\r\n     data-full-width-responsive=\"true\"><\/ins>\r\n<script>\r\n     (adsbygoogle = window.adsbygoogle || []).push({});\r\n<\/script>\n<\/div>\n<p>Um caminh\u00e3o Mercedes-Benz Axor 1933, carregado com sacos de polietileno (tipo de pl\u00e1stico), tombou nesta ter\u00e7a-feira (08\/02), por volta das 6h30, pr\u00f3ximo \u00e0 rotat\u00f3ria de acesso ao trecho Sul do Rodoanel, sentido Litoral, da estrada Galv\u00e3o Bueno, no Bairro Batistini, na cidade S\u00e3o Bernardo. O motorista, que sofreu ferimentos leves, foi socorrido no PS Central do munic\u00edpio, mas j\u00e1 foi liberado.<\/p>\n<p>\u201cAparentemente, na hora em que o motorista foi fazer a curva, a carga correu, o que provocou o acidente. O problema foi a carga mal acomodada\u201d, explicou Ricardo Lira, motorista da empresa respons\u00e1vel pelo caminh\u00e3o.\u00a0 Lira ainda disse que o funcion\u00e1rio que estava dirigindo o ve\u00edculo tinha acabado de sair da empresa quando a carreta tombou. \u201cO caminh\u00e3o seguia para o Litoral. Ainda bem que n\u00e3o ocorreu nada de grave. O motorista apenas cortou o bra\u00e7o, foi mais o susto mesmo\u201d, revelou.<\/p>\n<p>Apesar do acidente, n\u00e3o houve congestionamento no local. Por volta das 10h30, a carga estava sendo retirada da carreta tombada e transportada para outro ve\u00edculo que daria continuidade ao transporte dos sacos de polietileno \u00e0 Baixada Santista. \u201cO guincho do departamento de tr\u00e2nsito j\u00e1 chegou, estamos apenas aguardando que a carga seja totalmente retirada para poder levantar o caminh\u00e3o\u201d, disse Lira.<\/p>\n<p><em>Fonte: ABCD Maior<\/em><\/p>\n\n<div style=\"font-size: 0px; height: 0px; line-height: 0px; margin: 0; padding: 0; clear: both;\"><\/div>","protected":false},"excerpt":{"rendered":"<p>Um caminh\u00e3o Mercedes-Benz Axor 1933, carregado com sacos de polietileno (tipo de pl\u00e1stico), tombou nesta ter\u00e7a-feira (08\/02), por volta das 6h30, pr\u00f3ximo \u00e0 rotat\u00f3ria de acesso ao trecho Sul do Rodoanel, sentido Litoral, da estrada Galv\u00e3o Bueno, no Bairro Batistini, na cidade S\u00e3o Bernardo. O motorista, que sofreu ferimentos leves, foi socorrido no PS Central do munic\u00edpio, mas j\u00e1 foi liberado. \u201cAparentemente, na hora em que o motorista foi fazer a curva, a carga correu, o que provocou o acidente. O problema foi a carga mal acomodada\u201d, explicou Ricardo Lira, motorista da empresa respons\u00e1vel pelo caminh\u00e3o.\u00a0 Lira ainda disse que <\/p>\n","protected":false},"author":1,"featured_media":0,"comment_status":"open","ping_status":"closed","sticky":false,"template":"","format":"standard","meta":{"footnotes":""},"categories":[6],"tags":[14],"class_list":["post-117","post","type-post","status-publish","format-standard","hentry","category-noticias-em-sao-bernardo","tag-sao-bernardo"],"aioseo_notices":[],"_links":{"self":[{"href":"https:\/\/www.encontrasaobernardo.com.br\/sobre\/wp-json\/wp\/v2\/posts\/117","targetHints":{"allow":["GET"]}}],"collection":[{"href":"https:\/\/www.encontrasaobernardo.com.br\/sobre\/wp-json\/wp\/v2\/posts"}],"about":[{"href":"https:\/\/www.encontrasaobernardo.com.br\/sobre\/wp-json\/wp\/v2\/types\/post"}],"author":[{"embeddable":true,"href":"https:\/\/www.encontrasaobernardo.com.br\/sobre\/wp-json\/wp\/v2\/users\/1"}],"replies":[{"embeddable":true,"href":"https:\/\/www.encontrasaobernardo.com.br\/sobre\/wp-json\/wp\/v2\/comments?post=117"}],"version-history":[{"count":0,"href":"https:\/\/www.encontrasaobernardo.com.br\/sobre\/wp-json\/wp\/v2\/posts\/117\/revisions"}],"wp:attachment":[{"href":"https:\/\/www.encontrasaobernardo.com.br\/sobre\/wp-json\/wp\/v2\/media?parent=117"}],"wp:term":[{"taxonomy":"category","embeddable":true,"href":"https:\/\/www.encontrasaobernardo.com.br\/sobre\/wp-json\/wp\/v2\/categories?post=117"},{"taxonomy":"post_tag","embeddable":true,"href":"https:\/\/www.encontrasaobernardo.com.br\/sobre\/wp-json\/wp\/v2\/tags?post=117"}],"curies":[{"name":"wp","href":"https:\/\/api.w.org\/{rel}","templated":true}]}}