{"id":111,"date":"2011-02-02T18:58:11","date_gmt":"2011-02-02T20:58:11","guid":{"rendered":"http:\/\/www.encontrasaobernardo.com.br\/noticias\/?p=111"},"modified":"2019-04-12T16:45:21","modified_gmt":"2019-04-12T19:45:21","slug":"chuva-inunda-ruas-de-sao-bernardo-do-campo","status":"publish","type":"post","link":"https:\/\/www.encontrasaobernardo.com.br\/sobre\/chuva-inunda-ruas-de-sao-bernardo-do-campo\/","title":{"rendered":"Chuva inunda ruas de S\u00e3o Bernardo do Campo"},"content":{"rendered":"<div class=\"b7a9cc72b38518383f4213f1240ff05a\" data-index=\"1\" style=\"float: none; margin:0px;\">\n<!-- Anuncio display - global -->\r\n<ins class=\"adsbygoogle\"\r\n     style=\"display:block\"\r\n     data-ad-client=\"ca-pub-8585364105181520\"\r\n     data-ad-slot=\"8789329856\"\r\n     data-ad-format=\"auto\"\r\n     data-full-width-responsive=\"true\"><\/ins>\r\n<script>\r\n     (adsbygoogle = window.adsbygoogle || []).push({});\r\n<\/script>\n<\/div>\n<p>A forte chuva que atingia o ABC Paulista, na tarde desta quarta-feira (2), provocou pontos alagamentos intransit\u00e1veis em S\u00e3o Bernardo do Campo e Santo Andr\u00e9.<\/p>\n<p>Segundo a Prefeitura de S\u00e3o Bernardo, havia trechos inundados nas avenidas Maria Servidei Demarchi, Marechal Deodoro com Prestes Maia e\u00a0Faria Lima, nos dois sentidos &#8211; um perto do Pa\u00e7o Municipal e outro na pra\u00e7a Samuel Sabatini, perto do Parque da Juventude, sentido Santo Andr\u00e9.<\/p>\n<p>Um muro desabou em Ferraz\u00f3polis e n\u00e3o h\u00e1 informa\u00e7\u00f5es sobre v\u00edtimas. O \u00f3rg\u00e3o registra\u00a0inunda\u00e7\u00f5es nas regi\u00f5es do Jardim Ip\u00ea, Detroit e Divineia.\u00a0O Corpo de Bombeiros atendia, \u00e0s 14h, a uma ocorr\u00eancia de pessoa ilhada sobre ve\u00edculo na rua Jurubatuba, regi\u00e3o central da cidade.<\/p>\n<p>O temporal tamb\u00e9m causa estragos em Santo Andr\u00e9 e em Diadema, onde outro motorista ficou ilhado dentro do carro e aguardava a chegada dos bombeiros \u00e0s 13h30. De acordo com o Corpo de Bombeiros, o incidente ocorria na rua Granja, altura do n\u00famero 377, no bairro Parque Real.<\/p>\n<p>Em Santo Andr\u00e9,\u00a0o c\u00f3rrego dos Meninos (que atravessa a cidade e S\u00e3o Bernardo do Campo) encheu, mas a \u00e1gua n\u00e3o chegou a invadir ruas e avenidas. Por volta das 15h20, o \u00f3rg\u00e3o registrava dois pontos de alagamento intransit\u00e1veis na cidade: avenida Capit\u00e3o Mario Toledo de Camargo, na Vila Am\u00e9rica, e na avenida Lauro Gomes, no Jardim Bom Pastor.<\/p>\n<p><em>Fonte: G1<\/em><\/p>\n\n<div style=\"font-size: 0px; height: 0px; line-height: 0px; margin: 0; padding: 0; clear: both;\"><\/div>","protected":false},"excerpt":{"rendered":"<p>A forte chuva que atingia o ABC Paulista, na tarde desta quarta-feira (2), provocou pontos alagamentos intransit\u00e1veis em S\u00e3o Bernardo do Campo e Santo Andr\u00e9. Segundo a Prefeitura de S\u00e3o Bernardo, havia trechos inundados nas avenidas Maria Servidei Demarchi, Marechal Deodoro com Prestes Maia e\u00a0Faria Lima, nos dois sentidos &#8211; um perto do Pa\u00e7o Municipal e outro na pra\u00e7a Samuel Sabatini, perto do Parque da Juventude, sentido Santo Andr\u00e9. Um muro desabou em Ferraz\u00f3polis e n\u00e3o h\u00e1 informa\u00e7\u00f5es sobre v\u00edtimas. O \u00f3rg\u00e3o registra\u00a0inunda\u00e7\u00f5es nas regi\u00f5es do Jardim Ip\u00ea, Detroit e Divineia.\u00a0O Corpo de Bombeiros atendia, \u00e0s 14h, a uma ocorr\u00eancia <\/p>\n","protected":false},"author":1,"featured_media":0,"comment_status":"open","ping_status":"closed","sticky":false,"template":"","format":"standard","meta":{"footnotes":""},"categories":[6],"tags":[14],"class_list":["post-111","post","type-post","status-publish","format-standard","hentry","category-noticias-em-sao-bernardo","tag-sao-bernardo"],"aioseo_notices":[],"_links":{"self":[{"href":"https:\/\/www.encontrasaobernardo.com.br\/sobre\/wp-json\/wp\/v2\/posts\/111","targetHints":{"allow":["GET"]}}],"collection":[{"href":"https:\/\/www.encontrasaobernardo.com.br\/sobre\/wp-json\/wp\/v2\/posts"}],"about":[{"href":"https:\/\/www.encontrasaobernardo.com.br\/sobre\/wp-json\/wp\/v2\/types\/post"}],"author":[{"embeddable":true,"href":"https:\/\/www.encontrasaobernardo.com.br\/sobre\/wp-json\/wp\/v2\/users\/1"}],"replies":[{"embeddable":true,"href":"https:\/\/www.encontrasaobernardo.com.br\/sobre\/wp-json\/wp\/v2\/comments?post=111"}],"version-history":[{"count":0,"href":"https:\/\/www.encontrasaobernardo.com.br\/sobre\/wp-json\/wp\/v2\/posts\/111\/revisions"}],"wp:attachment":[{"href":"https:\/\/www.encontrasaobernardo.com.br\/sobre\/wp-json\/wp\/v2\/media?parent=111"}],"wp:term":[{"taxonomy":"category","embeddable":true,"href":"https:\/\/www.encontrasaobernardo.com.br\/sobre\/wp-json\/wp\/v2\/categories?post=111"},{"taxonomy":"post_tag","embeddable":true,"href":"https:\/\/www.encontrasaobernardo.com.br\/sobre\/wp-json\/wp\/v2\/tags?post=111"}],"curies":[{"name":"wp","href":"https:\/\/api.w.org\/{rel}","templated":true}]}}