{"id":1106,"date":"2012-09-27T18:00:00","date_gmt":"2012-09-27T21:00:00","guid":{"rendered":"http:\/\/www.encontrasaobernardo.com.br\/noticias\/?p=1106"},"modified":"2019-04-12T16:41:32","modified_gmt":"2019-04-12T19:41:32","slug":"volks-promove-campanha-transito-consciente-para-os-colaboradores-de-sua-fabrica-em-sao-bernardo","status":"publish","type":"post","link":"https:\/\/www.encontrasaobernardo.com.br\/sobre\/volks-promove-campanha-transito-consciente-para-os-colaboradores-de-sua-fabrica-em-sao-bernardo\/","title":{"rendered":"Volks promove campanha Tr\u00e2nsito Consciente para os colaboradores de sua f\u00e1brica em S\u00e3o Bernardo"},"content":{"rendered":"<div class=\"b7a9cc72b38518383f4213f1240ff05a\" data-index=\"1\" style=\"float: none; margin:0px;\">\n<!-- Anuncio display - global -->\r\n<ins class=\"adsbygoogle\"\r\n     style=\"display:block\"\r\n     data-ad-client=\"ca-pub-8585364105181520\"\r\n     data-ad-slot=\"8789329856\"\r\n     data-ad-format=\"auto\"\r\n     data-full-width-responsive=\"true\"><\/ins>\r\n<script>\r\n     (adsbygoogle = window.adsbygoogle || []).push({});\r\n<\/script>\n<\/div>\n<p>Al\u00e9m de conscientizar os colaboradores sobre a import\u00e2ncia de respeitar as leis de tr\u00e2nsito, a campanha refor\u00e7a a\u00e7\u00f5es cidad\u00e3s, relembra as leis internas de tr\u00e2nsito e promove a integra\u00e7\u00e3o entre seguran\u00e7a, sustentabilidade e prote\u00e7\u00e3o ao meio ambiente<\/p>\n<p>Em comemora\u00e7\u00e3o ao Dia Nacional do Tr\u00e2nsito, dia 25, a Volkswagen do Brasil realiza em suas unidades de S\u00e3o Bernardo do Campo, S\u00e3o Carlos, Taubat\u00e9, Vinhedo e\u00a0Cidade de S\u00e3o Jos\u00e9 dos Pinhais\u00a0a campanha \u201cTr\u00e2nsito Consciente\u201d, desenvolvida pelas \u00e1reas de Assuntos Governamentais e Autovis\u00e3o &#8211; unidade criada pela empresa com a proposta de desenvolver neg\u00f3cios que gerem\u00a0emprego\u00a0de forma a contribuir com o desenvolvimento sustent\u00e1vel, econ\u00f4mico e social da Volkswagen no pa\u00eds.<\/p>\n<p>Al\u00e9m de conscientizar os colaboradores sobre a import\u00e2ncia de respeitar as leis de tr\u00e2nsito, a campanha refor\u00e7a a\u00e7\u00f5es cidad\u00e3s, relembra as leis internas de tr\u00e2nsito e promove a integra\u00e7\u00e3o entre seguran\u00e7a, sustentabilidade e prote\u00e7\u00e3o ao meio ambiente por meio de a\u00e7\u00f5es l\u00fadicas, por meio de esquetes teatrais e pr\u00e1ticas, como a distribui\u00e7\u00e3o de 40 mil cartilhas aos colaboradores das suas unidades.<\/p>\n<p>De forma interativa, dois atores promovem uma din\u00e2mica em que um deles, vestido de agente de tr\u00e2nsito, orienta os colaboradores que passam por uma faixa de pedestres, enquanto o outro ator faz a distribui\u00e7\u00e3o das cartilhas que trazem um quiz sobre leis de tr\u00e2nsito e informa\u00e7\u00f5es do concurso \u201cSeja Legal no Tr\u00e2nsito\u201d, por meio do qual o colaborador &#8211; com a ajuda de seus familiares &#8211; ter\u00e1 o desafio de montar um autom\u00f3vel de brinquedo utilizando materiais reciclados, tais como: embalagens, tampas, jornais, revistas, entre outros.<\/p>\n<p>O regulamento do concurso est\u00e1 dispon\u00edvel na cartilha e a entrega dos autom\u00f3veis de brinquedo, confeccionados pelos colaboradores, acontecer\u00e1 at\u00e9 o dia 26\/10. Ser\u00e3o escolhidos 10 trabalhos para uma exposi\u00e7\u00e3o em cada uma das unidades da Volkswagen do Brasil a partir do dia 31\/10.<\/p>\n<p>Em Taubat\u00e9, a a\u00e7\u00e3o acontece nesta quinta-feira, dia 27, das 10h30 \u00e0s 14h, quando ser\u00e3o distribu\u00eddas cerca de 9 mil cartilhas.<\/p>\n<p><em>Fonte: Di\u00e1rio de Taubat\u00e9<\/em><\/p>\n\n<div style=\"font-size: 0px; height: 0px; line-height: 0px; margin: 0; padding: 0; clear: both;\"><\/div>","protected":false},"excerpt":{"rendered":"<p>Al\u00e9m de conscientizar os colaboradores sobre a import\u00e2ncia de respeitar as leis de tr\u00e2nsito, a campanha refor\u00e7a a\u00e7\u00f5es cidad\u00e3s, relembra as leis internas de tr\u00e2nsito e promove a integra\u00e7\u00e3o entre seguran\u00e7a, sustentabilidade e prote\u00e7\u00e3o ao meio ambiente Em comemora\u00e7\u00e3o ao Dia Nacional do Tr\u00e2nsito, dia 25, a Volkswagen do Brasil realiza em suas unidades de S\u00e3o Bernardo do Campo, S\u00e3o Carlos, Taubat\u00e9, Vinhedo e\u00a0Cidade de S\u00e3o Jos\u00e9 dos Pinhais\u00a0a campanha \u201cTr\u00e2nsito Consciente\u201d, desenvolvida pelas \u00e1reas de Assuntos Governamentais e Autovis\u00e3o &#8211; unidade criada pela empresa com a proposta de desenvolver neg\u00f3cios que gerem\u00a0emprego\u00a0de forma a contribuir com o desenvolvimento sustent\u00e1vel, <\/p>\n","protected":false},"author":1,"featured_media":0,"comment_status":"open","ping_status":"closed","sticky":false,"template":"","format":"standard","meta":{"footnotes":""},"categories":[6],"tags":[14],"class_list":["post-1106","post","type-post","status-publish","format-standard","hentry","category-noticias-em-sao-bernardo","tag-sao-bernardo"],"aioseo_notices":[],"_links":{"self":[{"href":"https:\/\/www.encontrasaobernardo.com.br\/sobre\/wp-json\/wp\/v2\/posts\/1106","targetHints":{"allow":["GET"]}}],"collection":[{"href":"https:\/\/www.encontrasaobernardo.com.br\/sobre\/wp-json\/wp\/v2\/posts"}],"about":[{"href":"https:\/\/www.encontrasaobernardo.com.br\/sobre\/wp-json\/wp\/v2\/types\/post"}],"author":[{"embeddable":true,"href":"https:\/\/www.encontrasaobernardo.com.br\/sobre\/wp-json\/wp\/v2\/users\/1"}],"replies":[{"embeddable":true,"href":"https:\/\/www.encontrasaobernardo.com.br\/sobre\/wp-json\/wp\/v2\/comments?post=1106"}],"version-history":[{"count":0,"href":"https:\/\/www.encontrasaobernardo.com.br\/sobre\/wp-json\/wp\/v2\/posts\/1106\/revisions"}],"wp:attachment":[{"href":"https:\/\/www.encontrasaobernardo.com.br\/sobre\/wp-json\/wp\/v2\/media?parent=1106"}],"wp:term":[{"taxonomy":"category","embeddable":true,"href":"https:\/\/www.encontrasaobernardo.com.br\/sobre\/wp-json\/wp\/v2\/categories?post=1106"},{"taxonomy":"post_tag","embeddable":true,"href":"https:\/\/www.encontrasaobernardo.com.br\/sobre\/wp-json\/wp\/v2\/tags?post=1106"}],"curies":[{"name":"wp","href":"https:\/\/api.w.org\/{rel}","templated":true}]}}