{"id":1084,"date":"2012-09-21T07:00:12","date_gmt":"2012-09-21T10:00:12","guid":{"rendered":"http:\/\/www.encontrasaobernardo.com.br\/noticias\/?p=1084"},"modified":"2019-04-12T16:42:30","modified_gmt":"2019-04-12T19:42:30","slug":"sao-bernardo-planeja-fazer-pelo-menos-quinze-contratacoes","status":"publish","type":"post","link":"https:\/\/www.encontrasaobernardo.com.br\/sobre\/sao-bernardo-planeja-fazer-pelo-menos-quinze-contratacoes\/","title":{"rendered":"S\u00e3o Bernardo planeja fazer pelo menos quinze contrata\u00e7\u00f5es"},"content":{"rendered":"<div class=\"b7a9cc72b38518383f4213f1240ff05a\" data-index=\"1\" style=\"float: none; margin:0px;\">\n<!-- Anuncio display - global -->\r\n<ins class=\"adsbygoogle\"\r\n     style=\"display:block\"\r\n     data-ad-client=\"ca-pub-8585364105181520\"\r\n     data-ad-slot=\"8789329856\"\r\n     data-ad-format=\"auto\"\r\n     data-full-width-responsive=\"true\"><\/ins>\r\n<script>\r\n     (adsbygoogle = window.adsbygoogle || []).push({});\r\n<\/script>\n<\/div>\n<p>Fechado para balan\u00e7o. Essa \u00e9 a situa\u00e7\u00e3o do S\u00e3o Bernardo, eliminado na primeira fase da Copa Paulista e que vai parar por quatro meses antes de iniciar a prepara\u00e7\u00e3o para o Paulist\u00e3o 2013. At\u00e9 o fim da semana, o clube promete divulgar rela\u00e7\u00e3o com atletas que v\u00e3o permanecer e os dispensados.<\/p>\n<p>&#8220;Estamos conversando para definir os que devem permanecer. Tivemos algumas surpresas e outros que pretendemos liberar&#8221;, confirmou o\u00a0presidente\u00a0do Tigre, Luiz Fernando Teixeira, sem adiantar nomes.<\/p>\n<p>Em contrapartida, o dirigente promete\u00a0contratar\u00a015 jogadores, que ser\u00e3o apresentados no fim de novembro, quando come\u00e7a a prepara\u00e7\u00e3o para o Paulist\u00e3o. &#8220;Estamos apalavrados com v\u00e1rios atletas, mas como est\u00e3o atuando n\u00e3o podem\u00a0assinar\u00a0contrato&#8221;, garantiu.<\/p>\n<p>As especula\u00e7\u00f5es surgem aos montes nos bastidores do clube. Nomes como o meia Luciano Mandi, do S\u00e3o Caetano, e o zagueiro Andr\u00e9 Astorga, do Bragantino, s\u00e3o dados como certos, mas Teixeira n\u00e3o confirma por entender que isso atrapalharia as negocia\u00e7\u00f5es.<\/p>\n<p>Em rela\u00e7\u00e3o ao t\u00e9cnico, o dirigente assegura que Luciano Dias, que hoje ser\u00e1 apresentado como t\u00e9cnico Cuiab\u00e1 na S\u00e9rie C, estar\u00e1 de volta ap\u00f3s levar o time \u00e0 elite estadual. &#8220;Nosso acordo com o Luciano \u00e9 para que ele retorne dia 10 de dezembro, quando os jogadores ter\u00e3o se reapresentado e cumprido a rotina de exames f\u00edsicos&#8221;, explica o presidente.<\/p>\n<p>Apesar de distante, Luciano Dias acompanhou o\u00a0desempenho\u00a0do S\u00e3o Bernardo na Copa Paulista, principalmente por interm\u00e9dio de Marco Ant\u00f4nio, seu auxiliar t\u00e9cnico e que trabalhou na comiss\u00e3o comandada por Edson Boaro.<\/p>\n<p><em>Fonte: Di\u00e1rio do Grande ABC<\/em><\/p>\n\n<div style=\"font-size: 0px; height: 0px; line-height: 0px; margin: 0; padding: 0; clear: both;\"><\/div>","protected":false},"excerpt":{"rendered":"<p>Fechado para balan\u00e7o. Essa \u00e9 a situa\u00e7\u00e3o do S\u00e3o Bernardo, eliminado na primeira fase da Copa Paulista e que vai parar por quatro meses antes de iniciar a prepara\u00e7\u00e3o para o Paulist\u00e3o 2013. At\u00e9 o fim da semana, o clube promete divulgar rela\u00e7\u00e3o com atletas que v\u00e3o permanecer e os dispensados. &#8220;Estamos conversando para definir os que devem permanecer. Tivemos algumas surpresas e outros que pretendemos liberar&#8221;, confirmou o\u00a0presidente\u00a0do Tigre, Luiz Fernando Teixeira, sem adiantar nomes. Em contrapartida, o dirigente promete\u00a0contratar\u00a015 jogadores, que ser\u00e3o apresentados no fim de novembro, quando come\u00e7a a prepara\u00e7\u00e3o para o Paulist\u00e3o. &#8220;Estamos apalavrados com v\u00e1rios <\/p>\n","protected":false},"author":1,"featured_media":0,"comment_status":"open","ping_status":"closed","sticky":false,"template":"","format":"standard","meta":{"footnotes":""},"categories":[6],"tags":[14],"class_list":["post-1084","post","type-post","status-publish","format-standard","hentry","category-noticias-em-sao-bernardo","tag-sao-bernardo"],"aioseo_notices":[],"_links":{"self":[{"href":"https:\/\/www.encontrasaobernardo.com.br\/sobre\/wp-json\/wp\/v2\/posts\/1084","targetHints":{"allow":["GET"]}}],"collection":[{"href":"https:\/\/www.encontrasaobernardo.com.br\/sobre\/wp-json\/wp\/v2\/posts"}],"about":[{"href":"https:\/\/www.encontrasaobernardo.com.br\/sobre\/wp-json\/wp\/v2\/types\/post"}],"author":[{"embeddable":true,"href":"https:\/\/www.encontrasaobernardo.com.br\/sobre\/wp-json\/wp\/v2\/users\/1"}],"replies":[{"embeddable":true,"href":"https:\/\/www.encontrasaobernardo.com.br\/sobre\/wp-json\/wp\/v2\/comments?post=1084"}],"version-history":[{"count":0,"href":"https:\/\/www.encontrasaobernardo.com.br\/sobre\/wp-json\/wp\/v2\/posts\/1084\/revisions"}],"wp:attachment":[{"href":"https:\/\/www.encontrasaobernardo.com.br\/sobre\/wp-json\/wp\/v2\/media?parent=1084"}],"wp:term":[{"taxonomy":"category","embeddable":true,"href":"https:\/\/www.encontrasaobernardo.com.br\/sobre\/wp-json\/wp\/v2\/categories?post=1084"},{"taxonomy":"post_tag","embeddable":true,"href":"https:\/\/www.encontrasaobernardo.com.br\/sobre\/wp-json\/wp\/v2\/tags?post=1084"}],"curies":[{"name":"wp","href":"https:\/\/api.w.org\/{rel}","templated":true}]}}