{"id":108,"date":"2011-02-01T18:45:57","date_gmt":"2011-02-01T20:45:57","guid":{"rendered":"http:\/\/www.encontrasaobernardo.com.br\/noticias\/?p=108"},"modified":"2019-04-12T16:45:21","modified_gmt":"2019-04-12T19:45:21","slug":"moradores-de-bairro-de-sao-bernardo-protestam-contra-falta-dagua","status":"publish","type":"post","link":"https:\/\/www.encontrasaobernardo.com.br\/sobre\/moradores-de-bairro-de-sao-bernardo-protestam-contra-falta-dagua\/","title":{"rendered":"Moradores de bairro de S\u00e3o Bernardo protestam contra falta d\u00b4\u00e1gua"},"content":{"rendered":"<div class=\"b7a9cc72b38518383f4213f1240ff05a\" data-index=\"1\" style=\"float: none; margin:0px;\">\n<!-- Anuncio display - global -->\r\n<ins class=\"adsbygoogle\"\r\n     style=\"display:block\"\r\n     data-ad-client=\"ca-pub-8585364105181520\"\r\n     data-ad-slot=\"8789329856\"\r\n     data-ad-format=\"auto\"\r\n     data-full-width-responsive=\"true\"><\/ins>\r\n<script>\r\n     (adsbygoogle = window.adsbygoogle || []).push({});\r\n<\/script>\n<\/div>\n<p>Moradores do DER, na cidade de S\u00e3o Bernardo, fazem uma manifesta\u00e7\u00e3o na tarde desta ter\u00e7a-feira contra a falta de\u00a0\u00e1gua\u00a0que atinge parte do bairro h\u00e1 mais de 15 dias. Eles cobram uma resposta da Sabesp (Companhia de Saneamento B\u00e1sico S\u00e3o Paulo), mas at\u00e9 o momento n\u00e3o houve nenhuma previs\u00e3o para a volta do fornecimento.<\/p>\n<p>A manifesta\u00e7\u00e3o n\u00e3o causa interdi\u00e7\u00e3o de nenhuma via.<\/p>\n<p>Os moradores contam que agentes da Sabesp foram ao bairro no final de semana verificar um vazamento, contudo o problema continua sem solu\u00e7\u00e3o. Muitas pessoas est\u00e3o usando \u00e1gua do vizinho para poder tomar banho e cozinhar.<\/p>\n<p>A moradora Vandira Cardoso Santos, 53 anos, juntou \u00e1gua da chuva para tomar banho.Como n\u00e3o consegue cozinhar, a dona de casa est\u00e1 comprando marmita. &#8220;Pago minha conta de \u00e1gua certinha e n\u00e3o me conformo com essa situa\u00e7\u00e3o&#8221;, diz.<\/p>\n<p>O t\u00e9cnico de seguran\u00e7a Jo\u00e3o Paulo Leite dos Santos tamb\u00e9m se vira como pode. &#8220;Estou tomando banho na casa de um colega. \u00c0s vezes, tomo at\u00e9 na academia.&#8221; Ele lembra que j\u00e1 foram feitos mais de dez protocolos de reclama\u00e7\u00e3o na Sabesp, mas at\u00e9 agora nada foi feito a\u00a0respeito.<\/p>\n<p><em>Fonte: Di\u00e1rio do Grande ABC<\/em><\/p>\n\n<div style=\"font-size: 0px; height: 0px; line-height: 0px; margin: 0; padding: 0; clear: both;\"><\/div>","protected":false},"excerpt":{"rendered":"<p>Moradores do DER, na cidade de S\u00e3o Bernardo, fazem uma manifesta\u00e7\u00e3o na tarde desta ter\u00e7a-feira contra a falta de\u00a0\u00e1gua\u00a0que atinge parte do bairro h\u00e1 mais de 15 dias. Eles cobram uma resposta da Sabesp (Companhia de Saneamento B\u00e1sico S\u00e3o Paulo), mas at\u00e9 o momento n\u00e3o houve nenhuma previs\u00e3o para a volta do fornecimento. A manifesta\u00e7\u00e3o n\u00e3o causa interdi\u00e7\u00e3o de nenhuma via. Os moradores contam que agentes da Sabesp foram ao bairro no final de semana verificar um vazamento, contudo o problema continua sem solu\u00e7\u00e3o. Muitas pessoas est\u00e3o usando \u00e1gua do vizinho para poder tomar banho e cozinhar. A moradora Vandira <\/p>\n","protected":false},"author":1,"featured_media":0,"comment_status":"open","ping_status":"closed","sticky":false,"template":"","format":"standard","meta":{"footnotes":""},"categories":[6],"tags":[14],"class_list":["post-108","post","type-post","status-publish","format-standard","hentry","category-noticias-em-sao-bernardo","tag-sao-bernardo"],"aioseo_notices":[],"_links":{"self":[{"href":"https:\/\/www.encontrasaobernardo.com.br\/sobre\/wp-json\/wp\/v2\/posts\/108","targetHints":{"allow":["GET"]}}],"collection":[{"href":"https:\/\/www.encontrasaobernardo.com.br\/sobre\/wp-json\/wp\/v2\/posts"}],"about":[{"href":"https:\/\/www.encontrasaobernardo.com.br\/sobre\/wp-json\/wp\/v2\/types\/post"}],"author":[{"embeddable":true,"href":"https:\/\/www.encontrasaobernardo.com.br\/sobre\/wp-json\/wp\/v2\/users\/1"}],"replies":[{"embeddable":true,"href":"https:\/\/www.encontrasaobernardo.com.br\/sobre\/wp-json\/wp\/v2\/comments?post=108"}],"version-history":[{"count":0,"href":"https:\/\/www.encontrasaobernardo.com.br\/sobre\/wp-json\/wp\/v2\/posts\/108\/revisions"}],"wp:attachment":[{"href":"https:\/\/www.encontrasaobernardo.com.br\/sobre\/wp-json\/wp\/v2\/media?parent=108"}],"wp:term":[{"taxonomy":"category","embeddable":true,"href":"https:\/\/www.encontrasaobernardo.com.br\/sobre\/wp-json\/wp\/v2\/categories?post=108"},{"taxonomy":"post_tag","embeddable":true,"href":"https:\/\/www.encontrasaobernardo.com.br\/sobre\/wp-json\/wp\/v2\/tags?post=108"}],"curies":[{"name":"wp","href":"https:\/\/api.w.org\/{rel}","templated":true}]}}