{"id":1067,"date":"2012-09-11T07:00:30","date_gmt":"2012-09-11T10:00:30","guid":{"rendered":"http:\/\/www.encontrasaobernardo.com.br\/noticias\/?p=1067"},"modified":"2019-04-12T16:42:31","modified_gmt":"2019-04-12T19:42:31","slug":"pinacoteca-de-sao-bernardo-agrega-mural-a-seu-acervo","status":"publish","type":"post","link":"https:\/\/www.encontrasaobernardo.com.br\/sobre\/pinacoteca-de-sao-bernardo-agrega-mural-a-seu-acervo\/","title":{"rendered":"Pinacoteca de S\u00e3o Bernardo agrega mural a seu acervo"},"content":{"rendered":"<div class=\"b7a9cc72b38518383f4213f1240ff05a\" data-index=\"1\" style=\"float: none; margin:0px;\">\n<!-- Anuncio display - global -->\r\n<ins class=\"adsbygoogle\"\r\n     style=\"display:block\"\r\n     data-ad-client=\"ca-pub-8585364105181520\"\r\n     data-ad-slot=\"8789329856\"\r\n     data-ad-format=\"auto\"\r\n     data-full-width-responsive=\"true\"><\/ins>\r\n<script>\r\n     (adsbygoogle = window.adsbygoogle || []).push({});\r\n<\/script>\n<\/div>\n<p>Dentro das depend\u00eancias da Pinacoteca de S\u00e3o Bernardo, tr\u00eas artistas regionais desenvolvem um mural em uma das paredes externas. Influenciados pelo grafite, arte de rua e o movimento hip hop, cada um tem uma parcela da estrutura para abordar temas ligados \u00e0s contradi\u00e7\u00f5es sociais. A expectativa \u00e9 que terminem hoje, ter\u00e7a-feira (11\/09).<\/p>\n<p>Batizada de Mural de Arte Urbana, a iniciativa propicia a chance de quem tiver interesse visualizar a elabora\u00e7\u00e3o da pintura feita em um espa\u00e7o de 18 metros de comprimento por oito de altura. A Secretaria de Cultura do munic\u00edpio injetou a verba necess\u00e1ria para o trio envolvido, que se mobilizou por conta pr\u00f3pria para providenciar o material para a conclus\u00e3o do projeto.<\/p>\n<p>Os contratados para criarem a tela gigante foram Michel CenaSete e Melim, ambos de S\u00e3o Bernardo, e Emol, da cidade de Diadema. Todos j\u00e1 haviam participado de uma a\u00e7\u00e3o semelhante h\u00e1 quase um ano na regi\u00e3o do S\u00edtio Bom Jesus, por\u00e9m com o dobro de artistas e mais espa\u00e7o.<\/p>\n<p>\u201cO espa\u00e7o \u00e9 utilizado para a produ\u00e7\u00e3o de nossos trabalhos em sintonia com uma oportunidade de reflex\u00e3o sobre como vemos o mundo\u201d, afirmou Michel CenaSete, que organiza o Sarau do F\u00f3rum Hip Hop na cidade.<\/p>\n<p><strong>Servi\u00e7o:<\/strong><\/p>\n<p>No dia 14 de setembro, pr\u00f3xima sexta-feira, \u00e0s 11h, o mural ser\u00e1 inaugurado oficialmente com exibi\u00e7\u00e3o de um document\u00e1rio sobre arte de rua, um breve bate-papo com os artistas e exposi\u00e7\u00e3o de fanzines. A Pinacoteca fica na rua Kara, 105, Jardim do Mar. Entrada franca. Mais informa\u00e7\u00f5es pelo telefone 4125-4056.<\/p>\n<p><em>Fonte: ABCD Maior<\/em><\/p>\n\n<div style=\"font-size: 0px; height: 0px; line-height: 0px; margin: 0; padding: 0; clear: both;\"><\/div>","protected":false},"excerpt":{"rendered":"<p>Dentro das depend\u00eancias da Pinacoteca de S\u00e3o Bernardo, tr\u00eas artistas regionais desenvolvem um mural em uma das paredes externas. Influenciados pelo grafite, arte de rua e o movimento hip hop, cada um tem uma parcela da estrutura para abordar temas ligados \u00e0s contradi\u00e7\u00f5es sociais. A expectativa \u00e9 que terminem hoje, ter\u00e7a-feira (11\/09). Batizada de Mural de Arte Urbana, a iniciativa propicia a chance de quem tiver interesse visualizar a elabora\u00e7\u00e3o da pintura feita em um espa\u00e7o de 18 metros de comprimento por oito de altura. A Secretaria de Cultura do munic\u00edpio injetou a verba necess\u00e1ria para o trio envolvido, que <\/p>\n","protected":false},"author":1,"featured_media":0,"comment_status":"open","ping_status":"closed","sticky":false,"template":"","format":"standard","meta":{"footnotes":""},"categories":[34,6,8],"tags":[14],"class_list":["post-1067","post","type-post","status-publish","format-standard","hentry","category-cultura-em-sao-bernardo","category-noticias-em-sao-bernardo","category-servicos-em-sao-bernardo","tag-sao-bernardo"],"aioseo_notices":[],"_links":{"self":[{"href":"https:\/\/www.encontrasaobernardo.com.br\/sobre\/wp-json\/wp\/v2\/posts\/1067","targetHints":{"allow":["GET"]}}],"collection":[{"href":"https:\/\/www.encontrasaobernardo.com.br\/sobre\/wp-json\/wp\/v2\/posts"}],"about":[{"href":"https:\/\/www.encontrasaobernardo.com.br\/sobre\/wp-json\/wp\/v2\/types\/post"}],"author":[{"embeddable":true,"href":"https:\/\/www.encontrasaobernardo.com.br\/sobre\/wp-json\/wp\/v2\/users\/1"}],"replies":[{"embeddable":true,"href":"https:\/\/www.encontrasaobernardo.com.br\/sobre\/wp-json\/wp\/v2\/comments?post=1067"}],"version-history":[{"count":0,"href":"https:\/\/www.encontrasaobernardo.com.br\/sobre\/wp-json\/wp\/v2\/posts\/1067\/revisions"}],"wp:attachment":[{"href":"https:\/\/www.encontrasaobernardo.com.br\/sobre\/wp-json\/wp\/v2\/media?parent=1067"}],"wp:term":[{"taxonomy":"category","embeddable":true,"href":"https:\/\/www.encontrasaobernardo.com.br\/sobre\/wp-json\/wp\/v2\/categories?post=1067"},{"taxonomy":"post_tag","embeddable":true,"href":"https:\/\/www.encontrasaobernardo.com.br\/sobre\/wp-json\/wp\/v2\/tags?post=1067"}],"curies":[{"name":"wp","href":"https:\/\/api.w.org\/{rel}","templated":true}]}}