{"id":1065,"date":"2012-09-11T07:00:27","date_gmt":"2012-09-11T10:00:27","guid":{"rendered":"http:\/\/www.encontrasaobernardo.com.br\/noticias\/?p=1065"},"modified":"2019-04-12T16:42:31","modified_gmt":"2019-04-12T19:42:31","slug":"meninas-mocas-da-periferia-de-sao-bernardo-terao-dia-de-cinderela","status":"publish","type":"post","link":"https:\/\/www.encontrasaobernardo.com.br\/sobre\/meninas-mocas-da-periferia-de-sao-bernardo-terao-dia-de-cinderela\/","title":{"rendered":"Meninas-mo\u00e7as da periferia de S\u00e3o Bernardo ter\u00e3o dia de cinderela"},"content":{"rendered":"<div class=\"b7a9cc72b38518383f4213f1240ff05a\" data-index=\"1\" style=\"float: none; margin:0px;\">\n<!-- Anuncio display - global -->\r\n<ins class=\"adsbygoogle\"\r\n     style=\"display:block\"\r\n     data-ad-client=\"ca-pub-8585364105181520\"\r\n     data-ad-slot=\"8789329856\"\r\n     data-ad-format=\"auto\"\r\n     data-full-width-responsive=\"true\"><\/ins>\r\n<script>\r\n     (adsbygoogle = window.adsbygoogle || []).push({});\r\n<\/script>\n<\/div>\n<p>Se deu certo, tem que fazer de novo. A pedagoga M\u00e1rcia Moreira Barbosa de Lima, que idealizou em 2011 a primeira festa de debutantes para meninas carentes de S\u00e3o Bernardo, prepara este ano a segunda edi\u00e7\u00e3o. No dia 23 de outubro, 11 meninas que vivem na periferia do munic\u00edpio ir\u00e3o realizar o sonho de ter o t\u00e3o desejado baile de debutantes.<\/p>\n<p>Para que tudo d\u00e1 certo e o grande dia seja impec\u00e1vel, M\u00e1rcia realizou no in\u00edcio do m\u00eas uma feijoada comunit\u00e1ria e arrecadou dinheiro para cobrir parte dos custos da festa, como buffet e ilumina\u00e7\u00e3o. Mas o trabalho n\u00e3o para. A pedagoga afirma que ainda faltam padrinhos para parte das debutantes, que cobrir\u00e3o gastos com vestido, sapatos e outros adere\u00e7os.<\/p>\n<p>\u201cAno passado todos com quem eu conversava se mostravam muito entusiasmados com a ideia, mas poucos dias antes da festa algumas coisas falharam, e isso foi um pouco frustrante. Tivemos de improvisar mesas e cadeiras escolares para colocar as comidas e bebidas, a apresenta\u00e7\u00e3o de fotos tamb\u00e9m n\u00e3o aconteceu e ficamos sem som.\u201d<\/p>\n<p>Recompensa &#8211; Mesmo com todos os problemas, M\u00e1rcia conta que a festa foi linda, e que a recompensa de todo o esfor\u00e7o foi ver as dez meninas que participaram do projeto em 2011 absolutamente encantadas.<\/p>\n<p>\u201cEu sei que, se cada uma fizesse individualmente uma festa, jamais seria como a que fizemos. Elas, mesmo sabendo que n\u00e3o tinham condi\u00e7\u00f5es financeiras de contar com uma festa de debutantes como as meninas dos condom\u00ednios chiques de S\u00e3o Bernardo, imaginavam cada detalhe: o vestido, a maquiagem, a valsa. Foi um sonho que se realizou, e poder ter proporcionado isso a elas me fez muito feliz. Vou continuar com o projeto ano a ano, mesmo com todas as dificuldades, e sei que a cada ano a festa ganhar mais apoiadores.\u201d<\/p>\n<p>A ideia essencial do projeto se mant\u00e9m: meninas que fazem anivers\u00e1rio de 15 anos neste ano e que moram em regi\u00f5es carentes da cidade se juntam, e nos meses que antecedem a festa participam de atividades socioculturais propostas pela pedagoga. Entre as atividades, a participa\u00e7\u00e3o nos debates do F\u00f3rum Social e da Jornada Cidad\u00e3 do ABCDMRR.<\/p>\n<p>Novo universo &#8211; A mais desinibida das 11 meninas, Ingrid Santos Magalh\u00e3es conta que o contato de M\u00e1rcia proporcionou n\u00e3o somente a realiza\u00e7\u00e3o de um sonho mas tamb\u00e9m a possibilidade de participar de universo desconhecido at\u00e9 ent\u00e3o. \u201cMinha vida era ir da escola pra casa e de casa pra escola, al\u00e9m da conviv\u00eancia com o pessoal do bairro. A M\u00e1rcia levou a gente em debates em que o secret\u00e1rio de Cultura estava presente e fizemos perguntas para ele. Tudo est\u00e1 sendo muito bom\u201d, afirmou a adolescente.<\/p>\n<p>A festa deste ano ser\u00e1 no mesmo espa\u00e7o, o Cajuv (Coordenadoria de A\u00e7\u00f5es para a Juventude), cedido pela Prefeitura Municipal de S\u00e3o Bernardo do Campo, e a loja de roupas de festa Joli ir\u00e1 vestir as meninas. Vestidos com saiotes e pedraria, que em m\u00e9dia custam R$ 1.000 o aluguel, sair\u00e3o por R$ 250, pagos pelos padrinhos. A loja de joias Luminosit\u00e1 far\u00e1 os an\u00e9is, que no dia da festa ser\u00e3o entregues pelos pais das debutantes.<\/p>\n<p>J\u00e1 a decora\u00e7\u00e3o, que em 2011 ficou faltando, ser\u00e1 feita com materiais recicl\u00e1veis e produzidos pela oficina de artesanato M.O. Design. O mais aguardado pelas aniversariantes \u00e9, sem d\u00favida, o dia de beleza. Para isso, M\u00e1rcia fez parceria com o Instituto Embelleze, que far\u00e1 o penteado, as unhas e a maquiagem das meninas-mo\u00e7as. Quem quiser entrar em contato, pode enviar e-mail para marcia_m03@yahoo.com.<\/p>\n<p><em>Fonte: ABCD Maior<\/em><\/p>\n\n<div style=\"font-size: 0px; height: 0px; line-height: 0px; margin: 0; padding: 0; clear: both;\"><\/div>","protected":false},"excerpt":{"rendered":"<p>Se deu certo, tem que fazer de novo. A pedagoga M\u00e1rcia Moreira Barbosa de Lima, que idealizou em 2011 a primeira festa de debutantes para meninas carentes de S\u00e3o Bernardo, prepara este ano a segunda edi\u00e7\u00e3o. No dia 23 de outubro, 11 meninas que vivem na periferia do munic\u00edpio ir\u00e3o realizar o sonho de ter o t\u00e3o desejado baile de debutantes. Para que tudo d\u00e1 certo e o grande dia seja impec\u00e1vel, M\u00e1rcia realizou no in\u00edcio do m\u00eas uma feijoada comunit\u00e1ria e arrecadou dinheiro para cobrir parte dos custos da festa, como buffet e ilumina\u00e7\u00e3o. Mas o trabalho n\u00e3o para. <\/p>\n","protected":false},"author":1,"featured_media":0,"comment_status":"open","ping_status":"closed","sticky":false,"template":"","format":"standard","meta":{"footnotes":""},"categories":[6],"tags":[14],"class_list":["post-1065","post","type-post","status-publish","format-standard","hentry","category-noticias-em-sao-bernardo","tag-sao-bernardo"],"aioseo_notices":[],"_links":{"self":[{"href":"https:\/\/www.encontrasaobernardo.com.br\/sobre\/wp-json\/wp\/v2\/posts\/1065","targetHints":{"allow":["GET"]}}],"collection":[{"href":"https:\/\/www.encontrasaobernardo.com.br\/sobre\/wp-json\/wp\/v2\/posts"}],"about":[{"href":"https:\/\/www.encontrasaobernardo.com.br\/sobre\/wp-json\/wp\/v2\/types\/post"}],"author":[{"embeddable":true,"href":"https:\/\/www.encontrasaobernardo.com.br\/sobre\/wp-json\/wp\/v2\/users\/1"}],"replies":[{"embeddable":true,"href":"https:\/\/www.encontrasaobernardo.com.br\/sobre\/wp-json\/wp\/v2\/comments?post=1065"}],"version-history":[{"count":0,"href":"https:\/\/www.encontrasaobernardo.com.br\/sobre\/wp-json\/wp\/v2\/posts\/1065\/revisions"}],"wp:attachment":[{"href":"https:\/\/www.encontrasaobernardo.com.br\/sobre\/wp-json\/wp\/v2\/media?parent=1065"}],"wp:term":[{"taxonomy":"category","embeddable":true,"href":"https:\/\/www.encontrasaobernardo.com.br\/sobre\/wp-json\/wp\/v2\/categories?post=1065"},{"taxonomy":"post_tag","embeddable":true,"href":"https:\/\/www.encontrasaobernardo.com.br\/sobre\/wp-json\/wp\/v2\/tags?post=1065"}],"curies":[{"name":"wp","href":"https:\/\/api.w.org\/{rel}","templated":true}]}}