{"id":1052,"date":"2012-09-03T10:00:34","date_gmt":"2012-09-03T13:00:34","guid":{"rendered":"http:\/\/www.encontrasaobernardo.com.br\/noticias\/?p=1052"},"modified":"2019-04-12T16:42:31","modified_gmt":"2019-04-12T19:42:31","slug":"procissao-dos-carroceiros-une-religiosos-ate-a-matriz-em-sao-bernardo","status":"publish","type":"post","link":"https:\/\/www.encontrasaobernardo.com.br\/sobre\/procissao-dos-carroceiros-une-religiosos-ate-a-matriz-em-sao-bernardo\/","title":{"rendered":"Prociss\u00e3o dos Carroceiros une religiosos at\u00e9 a Matriz em S\u00e3o Bernardo"},"content":{"rendered":"<div class=\"b7a9cc72b38518383f4213f1240ff05a\" data-index=\"1\" style=\"float: none; margin:0px;\">\n<!-- Anuncio display - global -->\r\n<ins class=\"adsbygoogle\"\r\n     style=\"display:block\"\r\n     data-ad-client=\"ca-pub-8585364105181520\"\r\n     data-ad-slot=\"8789329856\"\r\n     data-ad-format=\"auto\"\r\n     data-full-width-responsive=\"true\"><\/ins>\r\n<script>\r\n     (adsbygoogle = window.adsbygoogle || []).push({});\r\n<\/script>\n<\/div>\n<p>A prociss\u00e3o em S\u00e3o Bernardo que homenageia h\u00e1 mais de 100 anos a Nossa Senhora da Boa\u00a0Viagem\u00a0reuniu na manh\u00e3 de ontem cerca de 2.000 pessoas, de acordo com a Prefeitura municipal de S\u00e3o Bernardo. A festa \u00e9 promovida pela Par\u00f3quia hom\u00f4nima e realizada todo primeiro domingo de setembro.<\/p>\n<p>O trajeto teve in\u00edcio na Igreja Sant\u00edssima Virgem, na Avenida \u00cdndico, passou pelas ruas Senador Fl\u00e1quer, Tr\u00eas Marias, Jurubatuba, Tenente Salles, e terminou na Igreja Nossa Senhora da Boa Viagem, na Pra\u00e7a da\u00a0Matriz. Em seguida, teve in\u00edcio a celebra\u00e7\u00e3o da missa pelo p\u00e1roco Giuseppe Bortolato. Fi\u00e9is acompanharam o cortejo de cinco quil\u00f4metros a p\u00e9, de carro ou a cavalo. Participaram 600 cavaleiros e 287 charretes e carro\u00e7as.<\/p>\n<p>A prociss\u00e3o tamb\u00e9m comemorou os 200 anos da cria\u00e7\u00e3o da Par\u00f3quia Nossa Senhora da Boa Viagem, lembrado em 21 de outubro. Fi\u00e9is de todo Grande ABC, Capital, Interior e Baixada Santista acompanharam o\u00a0evento. A festa consta no calend\u00e1rio oficial\u00a0tur\u00edstico\u00a0da Prefeitura e do Estado.<\/p>\n<p>Ontem \u00e0 noite, o bispo da Diocese da cidade de Santo Andr\u00e9, Dom Nelson Westrupp, conduziu a Santa Missa em encerramento aos festejos.<\/p>\n<p><em>Fonte: Di\u00e1rio do Grande ABC<\/em><\/p>\n\n<div style=\"font-size: 0px; height: 0px; line-height: 0px; margin: 0; padding: 0; clear: both;\"><\/div>","protected":false},"excerpt":{"rendered":"<p>A prociss\u00e3o em S\u00e3o Bernardo que homenageia h\u00e1 mais de 100 anos a Nossa Senhora da Boa\u00a0Viagem\u00a0reuniu na manh\u00e3 de ontem cerca de 2.000 pessoas, de acordo com a Prefeitura municipal de S\u00e3o Bernardo. A festa \u00e9 promovida pela Par\u00f3quia hom\u00f4nima e realizada todo primeiro domingo de setembro. O trajeto teve in\u00edcio na Igreja Sant\u00edssima Virgem, na Avenida \u00cdndico, passou pelas ruas Senador Fl\u00e1quer, Tr\u00eas Marias, Jurubatuba, Tenente Salles, e terminou na Igreja Nossa Senhora da Boa Viagem, na Pra\u00e7a da\u00a0Matriz. Em seguida, teve in\u00edcio a celebra\u00e7\u00e3o da missa pelo p\u00e1roco Giuseppe Bortolato. Fi\u00e9is acompanharam o cortejo de cinco quil\u00f4metros <\/p>\n","protected":false},"author":1,"featured_media":0,"comment_status":"open","ping_status":"closed","sticky":false,"template":"","format":"standard","meta":{"footnotes":""},"categories":[6],"tags":[14],"class_list":["post-1052","post","type-post","status-publish","format-standard","hentry","category-noticias-em-sao-bernardo","tag-sao-bernardo"],"aioseo_notices":[],"_links":{"self":[{"href":"https:\/\/www.encontrasaobernardo.com.br\/sobre\/wp-json\/wp\/v2\/posts\/1052","targetHints":{"allow":["GET"]}}],"collection":[{"href":"https:\/\/www.encontrasaobernardo.com.br\/sobre\/wp-json\/wp\/v2\/posts"}],"about":[{"href":"https:\/\/www.encontrasaobernardo.com.br\/sobre\/wp-json\/wp\/v2\/types\/post"}],"author":[{"embeddable":true,"href":"https:\/\/www.encontrasaobernardo.com.br\/sobre\/wp-json\/wp\/v2\/users\/1"}],"replies":[{"embeddable":true,"href":"https:\/\/www.encontrasaobernardo.com.br\/sobre\/wp-json\/wp\/v2\/comments?post=1052"}],"version-history":[{"count":0,"href":"https:\/\/www.encontrasaobernardo.com.br\/sobre\/wp-json\/wp\/v2\/posts\/1052\/revisions"}],"wp:attachment":[{"href":"https:\/\/www.encontrasaobernardo.com.br\/sobre\/wp-json\/wp\/v2\/media?parent=1052"}],"wp:term":[{"taxonomy":"category","embeddable":true,"href":"https:\/\/www.encontrasaobernardo.com.br\/sobre\/wp-json\/wp\/v2\/categories?post=1052"},{"taxonomy":"post_tag","embeddable":true,"href":"https:\/\/www.encontrasaobernardo.com.br\/sobre\/wp-json\/wp\/v2\/tags?post=1052"}],"curies":[{"name":"wp","href":"https:\/\/api.w.org\/{rel}","templated":true}]}}